{"id":268,"date":"2024-05-16T14:42:24","date_gmt":"2024-05-16T12:42:24","guid":{"rendered":"https:\/\/al-com.fr\/?p=268"},"modified":"2024-05-16T14:42:24","modified_gmt":"2024-05-16T12:42:24","slug":"une-marque-forte-peut-elle-apporter-des-clients","status":"publish","type":"post","link":"https:\/\/al-com.fr\/index.php\/2024\/05\/16\/une-marque-forte-peut-elle-apporter-des-clients\/","title":{"rendered":"Une marque forte peut elle apporter des clients ?"},"content":{"rendered":"\n<p>Je discutais l\u2019autre soir de mon m\u00e9tier avec une personne de mon entourage (que je ne citerai pas ici \ud83d\ude02), un commercial pur et dur, et je me suis rendu compte qu\u2019il ne voyait absolument en quoi une marque forte pouvait lui apporter des clients !&nbsp;<\/p>\n\n\n\n<p>Pour lui, la communication corporate ne servait pas le business. Elle pouvait apporter \u00e9ventuellement des candidats mais pas des clients.&nbsp;<\/p>\n\n\n\n<p>Je lui ai r\u00e9pondu que si les relations avec les clients ne sont bas\u00e9es que sur les produits ou services et leur prix alors d\u00e8s qu\u2019un concurrent fait une offre plus int\u00e9ressante les clients y vont.&nbsp;<\/p>\n\n\n\n<p>Et si les clients ne viennent que pour la relation avec un commercial quand ce dernier part les clients le suivent \u2026&nbsp;<\/p>\n\n\n\n<p>Si on veut garder ses clients (ou en trouver des nouveaux) un bon prix ou une relation one to one ne suffisent pas. Il faut qu\u2019ils aient confiance dans votre entreprise, qu\u2019ils se retrouvent dans qui elle est, dans son ADN. \u00c7a permet de cr\u00e9er de la pr\u00e9f\u00e9rence chez les clients sans devoir baisser ses prix (un argument important pour les commerciaux \ud83d\ude00).<\/p>\n\n\n\n<p>Et pour cr\u00e9er cette r\u00e9putation et d\u00e9velopper sa notori\u00e9t\u00e9, pas de secret il faut :<\/p>\n\n\n\n<p>1\/ avoir des valeurs, une ambition, une raison d\u2019\u00eatre \u2026 donc travailler sa marque<\/p>\n\n\n\n<p>2\/ les communiquer !<\/p>\n\n\n\n<p>On ne cherche pas la m\u00eame chose quand on va chez Apple ou chez Samsung et pourtant \u00e0 la fin on aura un t\u00e9l\u00e9phone dans les deux cas \ud83d\ude02<\/p>\n","protected":false},"excerpt":{"rendered":"<p>Je discutais l\u2019autre soir de mon m\u00e9tier avec une personne de mon entourage (que je ne citerai pas ici \ud83d\ude02), un commercial pur et dur, et je me suis rendu compte qu\u2019il ne voyait absolument en quoi une marque forte pouvait lui apporter des clients !&nbsp; Pour lui, la communication corporate ne servait pas le [&hellip;]<\/p>\n","protected":false},"author":1,"featured_media":0,"comment_status":"closed","ping_status":"","sticky":false,"template":"","format":"standard","meta":{"footnotes":""},"categories":[1],"tags":[],"class_list":["post-268","post","type-post","status-publish","format-standard","hentry","category-non-classe"],"_links":{"self":[{"href":"https:\/\/al-com.fr\/index.php\/wp-json\/wp\/v2\/posts\/268","targetHints":{"allow":["GET"]}}],"collection":[{"href":"https:\/\/al-com.fr\/index.php\/wp-json\/wp\/v2\/posts"}],"about":[{"href":"https:\/\/al-com.fr\/index.php\/wp-json\/wp\/v2\/types\/post"}],"author":[{"embeddable":true,"href":"https:\/\/al-com.fr\/index.php\/wp-json\/wp\/v2\/users\/1"}],"replies":[{"embeddable":true,"href":"https:\/\/al-com.fr\/index.php\/wp-json\/wp\/v2\/comments?post=268"}],"version-history":[{"count":1,"href":"https:\/\/al-com.fr\/index.php\/wp-json\/wp\/v2\/posts\/268\/revisions"}],"predecessor-version":[{"id":269,"href":"https:\/\/al-com.fr\/index.php\/wp-json\/wp\/v2\/posts\/268\/revisions\/269"}],"wp:attachment":[{"href":"https:\/\/al-com.fr\/index.php\/wp-json\/wp\/v2\/media?parent=268"}],"wp:term":[{"taxonomy":"category","embeddable":true,"href":"https:\/\/al-com.fr\/index.php\/wp-json\/wp\/v2\/categories?post=268"},{"taxonomy":"post_tag","embeddable":true,"href":"https:\/\/al-com.fr\/index.php\/wp-json\/wp\/v2\/tags?post=268"}],"curies":[{"name":"wp","href":"https:\/\/api.w.org\/{rel}","templated":true}]}}